{"id":3995,"date":"2024-04-18T09:26:03","date_gmt":"2024-04-18T00:26:03","guid":{"rendered":"https:\/\/ctiweb.co.jp\/con\/en\/?p=3995"},"modified":"2024-04-18T09:31:09","modified_gmt":"2024-04-18T00:31:09","slug":"dr-stefan-konig-is-the-new-ceo-of-the-optima-group","status":"publish","type":"post","link":"https:\/\/ctiweb.co.jp\/con\/en\/dr-stefan-konig-is-the-new-ceo-of-the-optima-group","title":{"rendered":"Dr. Stefan K\u00f6nig is the new CEO of the OPTIMA Group"},"content":{"rendered":"<div class=\"wp-block-image\">\n<figure class=\"alignright size-full is-resized\"><img src=\"http:\/\/ctiweb.co.jp\/con\/en\/wp-content\/uploads\/sites\/2\/2024\/04\/0418optima.jpg\" alt=\"\" class=\"wp-image-3996\" width=\"364\" srcset=\"https:\/\/ctiweb.co.jp\/con\/en\/wp-content\/uploads\/sites\/2\/2024\/04\/0418optima.jpg 540w, https:\/\/ctiweb.co.jp\/con\/en\/wp-content\/uploads\/sites\/2\/2024\/04\/0418optima-300x200.jpg 300w\" sizes=\"(max-width: 540px) 85vw, 540px\" \/><\/figure><\/div>\n\n\n<p>The Optima Group, one of the world\u2019s leading manufacturers of packaging machines, has appointed Dr. Stefan K\u00f6nig as its new Chief Executive Officer (CEO). He takes over the role of Hans B\u00fchler, Managing Partner, who moves to the position of Chairman.<\/p>\n\n\n\n<p>In April 2024, Hans B\u00fchler handed over the role of Chief Executive Officer (CEO) to Dr. Stefan K\u00f6nig, who has been with the company as Managing Director since 2021. K\u00f6nig brings with him over 25 years of experience from various fields of mechanical engineering. Prior to joining Optima, he was CEO of the former Bosch Packaging Technology GmbH. \"Dr. Stefan K\u00f6nig combines a wealth of experience in mechanical engineering with a pragmatic approach. In this way, he will specifically help Optima to drive forward and establish us as a partner for increasingly demanding projects\", says Hans B\u00fchler. \"His expertise and high standards of results will contribute to leading the Group successfully into the future.\" B\u00fchler himself, who has been spokesman for the Management Board for over 35 years, will focus as Chairman on future topics, strategic decisions and the circle of shareholders.<\/p>\n\n\n\n<p>Stefan K\u00f6nig has great respect for what has been achieved: \u201cMr. B\u00fchler has made Optima the company it is today. I am pleased to be able to continue the more than 100-year success story. We operate in highly attractive industries, have broad process and technology knowledge and experienced, committed employees. In other words, the best prerequisites for making an effective contribution to the success of our customers.\u201d<br>As CEO, K\u00f6nig will coordinate the management as well as take and implement initiatives and decisions to achieve the goals. He shares responsibility with Dr. Johannes-Thomas Grobe for the four business units Pharma, Consumer, Nonwovens and Life Science, including the sector for hydrogen economy, as well as the cross-company topics digitalization, sustainability and marketing. The central units such as personnel and finance are managed by Jan Glass. He will hand over his responsibilities to his designated successor Marco Beyl later this year.<\/p>\n","protected":false},"excerpt":{"rendered":"<p>The Optima Group, one of the world\u2019s leading manufacturers of packaging machines, has appointed Dr. Stefan K\u00f6nig as its new Chief Executive Officer (CEO). He takes over the role of Hans B\u00fchler, Managing Partner, who moves to the position of Chairman. In April 2024, Hans B\u00fchler handed over the role of Chief Executive Officer (CEO) to Dr. Stefan K\u00f6nig, who has been with the company as Managing Director since 2021. K\u00f6nig brings with him over 25 years of experience from various fields of mechanical engineering. Prior to joining Optima, he was CEO of the former Bosch Packaging Technology GmbH. \"Dr. Stefan K\u00f6nig combines a wealth of experience in mechanical engineering &hellip; <a href=\"https:\/\/ctiweb.co.jp\/con\/en\/dr-stefan-konig-is-the-new-ceo-of-the-optima-group\" class=\"more-link\">Continue reading<span class=\"screen-reader-text\"> \"Dr. Stefan K\u00f6nig is the new CEO of the OPTIMA Group\"<\/span><\/a><\/p>\n","protected":false},"author":3,"featured_media":3996,"comment_status":"open","ping_status":"open","sticky":false,"template":"","format":"standard","meta":[],"categories":[4,5],"tags":[10],"_links":{"self":[{"href":"https:\/\/ctiweb.co.jp\/con\/en\/wp-json\/wp\/v2\/posts\/3995"}],"collection":[{"href":"https:\/\/ctiweb.co.jp\/con\/en\/wp-json\/wp\/v2\/posts"}],"about":[{"href":"https:\/\/ctiweb.co.jp\/con\/en\/wp-json\/wp\/v2\/types\/post"}],"author":[{"embeddable":true,"href":"https:\/\/ctiweb.co.jp\/con\/en\/wp-json\/wp\/v2\/users\/3"}],"replies":[{"embeddable":true,"href":"https:\/\/ctiweb.co.jp\/con\/en\/wp-json\/wp\/v2\/comments?post=3995"}],"version-history":[{"count":3,"href":"https:\/\/ctiweb.co.jp\/con\/en\/wp-json\/wp\/v2\/posts\/3995\/revisions"}],"predecessor-version":[{"id":4000,"href":"https:\/\/ctiweb.co.jp\/con\/en\/wp-json\/wp\/v2\/posts\/3995\/revisions\/4000"}],"wp:featuredmedia":[{"embeddable":true,"href":"https:\/\/ctiweb.co.jp\/con\/en\/wp-json\/wp\/v2\/media\/3996"}],"wp:attachment":[{"href":"https:\/\/ctiweb.co.jp\/con\/en\/wp-json\/wp\/v2\/media?parent=3995"}],"wp:term":[{"taxonomy":"category","embeddable":true,"href":"https:\/\/ctiweb.co.jp\/con\/en\/wp-json\/wp\/v2\/categories?post=3995"},{"taxonomy":"post_tag","embeddable":true,"href":"https:\/\/ctiweb.co.jp\/con\/en\/wp-json\/wp\/v2\/tags?post=3995"}],"curies":[{"name":"wp","href":"https:\/\/api.w.org\/{rel}","templated":true}]}}